{"id":7005,"date":"2013-11-26T17:22:29","date_gmt":"2013-11-26T16:22:29","guid":{"rendered":"https:\/\/www.badvigaun.com\/auszeichnung-fuer-kr-maria-loher\/"},"modified":"2013-11-26T17:22:29","modified_gmt":"2013-11-26T16:22:29","slug":"auszeichnung-fuer-kr-maria-loher","status":"publish","type":"post","link":"https:\/\/www.badvigaun.com\/en\/auszeichnung-fuer-kr-maria-loher\/","title":{"rendered":"Auszeichnung f\u00fcr KR Maria Loher"},"content":{"rendered":"\n<p>Frau Kommerzialr\u00e4tin Maria Loher ist als Gr\u00fcndungsgesellschafterin und Miteigent\u00fcmerin des Medizinischen Zentrums Bad Vigaun die gute Seele des Hauses und Wegbegleiterin der ersten Stunde.<\/p>\n\n\n\n<p>Durch ihr Engagement konnte im Jahr 1985 das&nbsp;Kur- und Rehabilitationszentrum Bad Vigaun er\u00f6ffnet werden.&nbsp;Frau Loher war nicht nur Jahre lang als Gesch\u00e4ftsf\u00fchrerin im&nbsp;Medizinischen Zentrum t\u00e4tig, sondern arbeitete auch im Ausschuss des Tourismusverbandes Bad Vigaun als Obmann-Stellvertreterin von 1992 bis 2007 aktiv mit.<\/p>\n\n\n\n<p>Frau Loher erhielt im Jahr 1996 das Silberne Ehrenzeichen f\u00fcr Verdienste um den Salzburger Tourismus und&nbsp;bekam im Jahre 2007 von der Wirtschaftskammer auch den Titel \u201eKommerzialrat\u201c verliehen. Sie engagiert sich immer noch voll und ganz f\u00fcr den Betrieb und ist t\u00e4glich in \u201eihrem\u201c Haus besch\u00e4ftigt.<\/p>\n\n\n\n<p>Deshalb wurde sie im Kaisersaal in der Salzburger Residenz neben vielen&nbsp; anderen Pers\u00f6nlichkeiten f\u00fcr ihre&nbsp;Einsatzfreude zur weiteren Verbesserung des touristischen Angebotes von Landeshauptmann Dr. Wilfried Haslauer ausgezeichnet.<\/p>\n\n\n\n<p>Er sagte in seiner Er\u00f6ffnungsrede unter anderem: &#8220;Der Tourismus ist ein Gesamtkunstwerk! Dies k\u00f6nnte nicht so funktionieren, wenn nicht so viele diesen sch\u00f6nen Beruf gew\u00e4hlt h\u00e4tten. (&#8230;) Wir ehren heute, was diese Leute alles leisten &#8211; was nicht selbstverst\u00e4ndlich ist!&#8221;<br><\/p>\n","protected":false},"excerpt":{"rendered":"<p>Frau Kommerzialr\u00e4tin Maria Loher ist als Gr\u00fcndungsgesellschafterin und Miteigent\u00fcmerin des Medizinischen Zentrums Bad Vigaun die gute Seele des Hauses und Wegbegleiterin der ersten Stunde. Durch ihr Engagement konnte&hellip;<\/p>\n","protected":false},"author":17,"featured_media":0,"comment_status":"closed","ping_status":"closed","sticky":false,"template":"","format":"standard","meta":{"_acf_changed":false,"footnotes":""},"categories":[6],"tags":[],"class_list":["post-7005","post","type-post","status-publish","format-standard","has-post-thumbnail","hentry","category-uncategorized"],"acf":[],"publishpress_future_action":{"enabled":false,"date":"2026-05-03 10:35:51","action":"change-status","newStatus":"draft","terms":[],"taxonomy":"category","extraData":[]},"publishpress_future_workflow_manual_trigger":{"enabledWorkflows":[]},"_links":{"self":[{"href":"https:\/\/www.badvigaun.com\/en\/wp-json\/wp\/v2\/posts\/7005","targetHints":{"allow":["GET"]}}],"collection":[{"href":"https:\/\/www.badvigaun.com\/en\/wp-json\/wp\/v2\/posts"}],"about":[{"href":"https:\/\/www.badvigaun.com\/en\/wp-json\/wp\/v2\/types\/post"}],"author":[{"embeddable":true,"href":"https:\/\/www.badvigaun.com\/en\/wp-json\/wp\/v2\/users\/17"}],"replies":[{"embeddable":true,"href":"https:\/\/www.badvigaun.com\/en\/wp-json\/wp\/v2\/comments?post=7005"}],"version-history":[{"count":0,"href":"https:\/\/www.badvigaun.com\/en\/wp-json\/wp\/v2\/posts\/7005\/revisions"}],"wp:attachment":[{"href":"https:\/\/www.badvigaun.com\/en\/wp-json\/wp\/v2\/media?parent=7005"}],"wp:term":[{"taxonomy":"category","embeddable":true,"href":"https:\/\/www.badvigaun.com\/en\/wp-json\/wp\/v2\/categories?post=7005"},{"taxonomy":"post_tag","embeddable":true,"href":"https:\/\/www.badvigaun.com\/en\/wp-json\/wp\/v2\/tags?post=7005"}],"curies":[{"name":"wp","href":"https:\/\/api.w.org\/{rel}","templated":true}]}}