{"id":6999,"date":"2017-05-03T17:16:00","date_gmt":"2017-05-03T15:16:00","guid":{"rendered":"https:\/\/www.badvigaun.com\/kongress-der-sbg-allgemeinmedizinerinnen-und-tagung-der-arztassistentinnen-im-medizinischen-zentrum-bad-vigaun\/"},"modified":"2017-05-03T17:16:00","modified_gmt":"2017-05-03T15:16:00","slug":"kongress-der-sbg-allgemeinmedizinerinnen-und-tagung-der-arztassistentinnen-im-medizinischen-zentrum-bad-vigaun","status":"publish","type":"post","link":"https:\/\/www.badvigaun.com\/en\/kongress-der-sbg-allgemeinmedizinerinnen-und-tagung-der-arztassistentinnen-im-medizinischen-zentrum-bad-vigaun\/","title":{"rendered":"Kongress der Sbg. AllgemeinmedizinerInnen und Tagung der ArztassistentInnen im Medizinischen Zentrum Bad Vigaun"},"content":{"rendered":"\n<p>Bereits zum vierten Mal durften wir heuer am 22. April Salzburgs AllgemeinmedizinerInnen und ArztassistentInnen sehr herzlich im Medizinischen Zentrum in Bad Vigaun begr\u00fc\u00dfen.<\/p>\n\n\n\n<p>Beim diesj\u00e4hrigen SAGAM-Kongress (Salzburger Gesellschaft f\u00fcr Allgemein- und Familienmedizin) drehte sich alles um das Thema &#8220;Rund um den Darm&#8221;.&nbsp;<br>Die Organisatoren Dr. Bernhard F\u00fcrthauer, Pr\u00e4sident SAGAM, und Regina Dachs, BdA-Landesvertreterin Salzburg, widmeten die Tagung damit einem sehr umfangreichen Thema, zu welchem im Rahmen der eint\u00e4gigen Tagung spannende Vortr\u00e4ge gehalten und Fallpr\u00e4sentationen diskutiert wurden.&nbsp;<br>Das Programm der \u00c4rztinnen und \u00c4rzte beinhaltete Themen zu Reizdarm und Bauchhypnose, \u00fcber Nahrungsmittelunvertr\u00e4glichkeiten bis zu chronisch entz\u00fcndliche Darmerkrankungen. Die ArztassistentInnen bildeten sich im Bereich der ethischen Prinzipien und ethischen Praxis der Medizin und deren Bedeutung f\u00fcr Ordinationsassistentinnen fort.<\/p>\n\n\n\n<p>Das interessante Veranstaltungsangebot wurde von circa 100 Personen wahrgenommen, welche im Anschluss an die fachliche Weiterbildung einen entspannten Ausklang des Tages in der Heiltherme Bad Vigaun genossen.<\/p>\n","protected":false},"excerpt":{"rendered":"<p>Bereits zum vierten Mal durften wir heuer am 22. April Salzburgs AllgemeinmedizinerInnen und ArztassistentInnen sehr herzlich im Medizinischen Zentrum in Bad Vigaun begr\u00fc\u00dfen. Beim diesj\u00e4hrigen SAGAM-Kongress (Salzburger Gesellschaft&hellip;<\/p>\n","protected":false},"author":17,"featured_media":1648,"comment_status":"closed","ping_status":"closed","sticky":false,"template":"","format":"standard","meta":{"_acf_changed":false,"footnotes":""},"categories":[6],"tags":[],"class_list":["post-6999","post","type-post","status-publish","format-standard","has-post-thumbnail","hentry","category-uncategorized"],"acf":[],"publishpress_future_action":{"enabled":false,"date":"2026-05-05 13:02:26","action":"change-status","newStatus":"draft","terms":[],"taxonomy":"category","extraData":[]},"publishpress_future_workflow_manual_trigger":{"enabledWorkflows":[]},"_links":{"self":[{"href":"https:\/\/www.badvigaun.com\/en\/wp-json\/wp\/v2\/posts\/6999","targetHints":{"allow":["GET"]}}],"collection":[{"href":"https:\/\/www.badvigaun.com\/en\/wp-json\/wp\/v2\/posts"}],"about":[{"href":"https:\/\/www.badvigaun.com\/en\/wp-json\/wp\/v2\/types\/post"}],"author":[{"embeddable":true,"href":"https:\/\/www.badvigaun.com\/en\/wp-json\/wp\/v2\/users\/17"}],"replies":[{"embeddable":true,"href":"https:\/\/www.badvigaun.com\/en\/wp-json\/wp\/v2\/comments?post=6999"}],"version-history":[{"count":0,"href":"https:\/\/www.badvigaun.com\/en\/wp-json\/wp\/v2\/posts\/6999\/revisions"}],"wp:featuredmedia":[{"embeddable":true,"href":"https:\/\/www.badvigaun.com\/en\/wp-json\/wp\/v2\/media\/1648"}],"wp:attachment":[{"href":"https:\/\/www.badvigaun.com\/en\/wp-json\/wp\/v2\/media?parent=6999"}],"wp:term":[{"taxonomy":"category","embeddable":true,"href":"https:\/\/www.badvigaun.com\/en\/wp-json\/wp\/v2\/categories?post=6999"},{"taxonomy":"post_tag","embeddable":true,"href":"https:\/\/www.badvigaun.com\/en\/wp-json\/wp\/v2\/tags?post=6999"}],"curies":[{"name":"wp","href":"https:\/\/api.w.org\/{rel}","templated":true}]}}